{"id":2498,"date":"2025-01-23T18:03:38","date_gmt":"2025-01-23T17:03:38","guid":{"rendered":"https:\/\/ieo31.com\/wordpress\/?p=2498"},"modified":"2025-02-19T10:56:07","modified_gmt":"2025-02-19T09:56:07","slug":"rdv-mensual-cultura-occitana-carnaval-ier-e-ara","status":"publish","type":"post","link":"https:\/\/ieo31.com\/wordpress\/rdv-mensual-cultura-occitana-carnaval-ier-e-ara\/","title":{"rendered":"RDV mensual \u00ab\u00a0Cultura occitana\u00a0\u00bb : Carnaval i\u00e8r e ara"},"content":{"rendered":"\t\t<div data-elementor-type=\"wp-post\" data-elementor-id=\"2498\" class=\"elementor elementor-2498\">\n\t\t\t\t<div class=\"elementor-element elementor-element-42dd3aa e-flex e-con-boxed e-con e-parent\" data-id=\"42dd3aa\" data-element_type=\"container\" data-e-type=\"container\">\n\t\t\t\t\t<div class=\"e-con-inner\">\n\t\t<div class=\"elementor-element elementor-element-e90d78f e-con-full e-flex e-con e-child\" data-id=\"e90d78f\" data-element_type=\"container\" data-e-type=\"container\">\n\t\t\t\t<div class=\"elementor-element elementor-element-dd1a570 elementor-widget elementor-widget-image\" data-id=\"dd1a570\" data-element_type=\"widget\" data-e-type=\"widget\" data-widget_type=\"image.default\">\n\t\t\t\t<div class=\"elementor-widget-container\">\n\t\t\t\t\t\t\t\t\t\t\t\t\t\t\t\t<a href=\"https:\/\/ieo31.com\/wordpress\/wp-content\/uploads\/2025\/01\/Visual-RDV-Cultura-occitana-1-scaled.jpg\" data-elementor-open-lightbox=\"yes\" data-elementor-lightbox-title=\"Visual RDV Cultura occitana 1\" data-e-action-hash=\"#elementor-action%3Aaction%3Dlightbox%26settings%3DeyJpZCI6MjQ5OSwidXJsIjoiaHR0cHM6XC9cL2llbzMxLmNvbVwvd29yZHByZXNzXC93cC1jb250ZW50XC91cGxvYWRzXC8yMDI1XC8wMVwvVmlzdWFsLVJEVi1DdWx0dXJhLW9jY2l0YW5hLTEtc2NhbGVkLmpwZyJ9\">\n\t\t\t\t\t\t\t<img fetchpriority=\"high\" decoding=\"async\" width=\"1024\" height=\"1024\" src=\"https:\/\/ieo31.com\/wordpress\/wp-content\/uploads\/2025\/01\/Visual-RDV-Cultura-occitana-1-1024x1024.jpg\" class=\"attachment-large size-large wp-image-2499\" alt=\"\" srcset=\"https:\/\/ieo31.com\/wordpress\/wp-content\/uploads\/2025\/01\/Visual-RDV-Cultura-occitana-1-1024x1024.jpg 1024w, https:\/\/ieo31.com\/wordpress\/wp-content\/uploads\/2025\/01\/Visual-RDV-Cultura-occitana-1-300x300.jpg 300w, https:\/\/ieo31.com\/wordpress\/wp-content\/uploads\/2025\/01\/Visual-RDV-Cultura-occitana-1-150x150.jpg 150w, https:\/\/ieo31.com\/wordpress\/wp-content\/uploads\/2025\/01\/Visual-RDV-Cultura-occitana-1-768x768.jpg 768w, https:\/\/ieo31.com\/wordpress\/wp-content\/uploads\/2025\/01\/Visual-RDV-Cultura-occitana-1-1536x1536.jpg 1536w, https:\/\/ieo31.com\/wordpress\/wp-content\/uploads\/2025\/01\/Visual-RDV-Cultura-occitana-1-2048x2048.jpg 2048w, https:\/\/ieo31.com\/wordpress\/wp-content\/uploads\/2025\/01\/Visual-RDV-Cultura-occitana-1-1320x1320.jpg 1320w, https:\/\/ieo31.com\/wordpress\/wp-content\/uploads\/2025\/01\/Visual-RDV-Cultura-occitana-1-scaled-1200x1200-cropped.jpg 1200w\" sizes=\"(max-width: 1024px) 100vw, 1024px\" data-wp-pid=\"2499\" \/>\t\t\t\t\t\t\t\t<\/a>\n\t\t\t\t\t\t\t\t\t\t\t\t\t\t\t<\/div>\n\t\t\t\t<\/div>\n\t\t\t\t<\/div>\n\t\t<div class=\"elementor-element elementor-element-325dfd4 e-con-full e-flex e-con e-child\" data-id=\"325dfd4\" data-element_type=\"container\" data-e-type=\"container\">\n\t\t\t\t<div class=\"elementor-element elementor-element-f5476cb elementor-widget elementor-widget-text-editor\" data-id=\"f5476cb\" data-element_type=\"widget\" data-e-type=\"widget\" data-widget_type=\"text-editor.default\">\n\t\t\t\t<div class=\"elementor-widget-container\">\n\t\t\t\t\t\t\t\t\t<div class=\"elementor-element elementor-element-d1fd385 e-con-full e-flex e-con e-child\" data-id=\"d1fd385\" data-element_type=\"container\" data-settings=\"{&quot;background_background&quot;:&quot;classic&quot;}\"><div class=\"elementor-element elementor-element-dcdf82c elementor-widget elementor-widget-text-editor\" data-id=\"dcdf82c\" data-element_type=\"widget\" data-widget_type=\"text-editor.default\"><div class=\"elementor-widget-container\"><p>Un dissabte per mes, l&rsquo;IEO 31 vos prepausa lo RDV \u00ab\u00a0Cultura Occitana\u00a0\u00bb\u00a0 ! Aquel rend\u00e8tz-vos mensual se passa a Tolosa a l&rsquo;Ostal d&rsquo;Occitania (sala Jos\u00e8p Salvat) de 10h00 a 12h00.<br \/>Avelina Fabre (professora a l&rsquo;IEO 31) presenta diferents asp\u00e8ctes ligats a la cultura n\u00f2stra.<\/p><\/div><p>Lo 1\u00e8r de febri\u00e8r, la tematica ser\u00e0<strong> Carnaval d&rsquo;i\u00e8r e ara<\/strong>, de mancar pas !<\/p><\/div><\/div>\t\t\t\t\t\t\t\t<\/div>\n\t\t\t\t<\/div>\n\t\t\t\t<div class=\"elementor-element elementor-element-2a275c6 elementor-widget elementor-widget-text-editor\" data-id=\"2a275c6\" data-element_type=\"widget\" data-e-type=\"widget\" data-widget_type=\"text-editor.default\">\n\t\t\t\t<div class=\"elementor-widget-container\">\n\t\t\t\t\t\t\t\t\t<div class=\"elementor-element elementor-element-d1fd385 e-con-full e-flex e-con e-child\" data-id=\"d1fd385\" data-element_type=\"container\" data-settings=\"{&quot;background_background&quot;:&quot;classic&quot;}\"><div class=\"elementor-element elementor-element-dcdf82c elementor-widget elementor-widget-text-editor\" data-id=\"dcdf82c\" data-element_type=\"widget\" data-widget_type=\"text-editor.default\"><div class=\"elementor-widget-container\"><p>Pr\u00e8tz: 5 \u20ac \/ talhi\u00e8r<br \/><strong>Inscripcion obligat\u00f2ria per messatge electronic a : <a href=\"mailto:cors@ieo31.com\">cors@ieo31.com<\/a><\/strong><\/p><\/div><\/div><\/div>\t\t\t\t\t\t\t\t<\/div>\n\t\t\t\t<\/div>\n\t\t\t\t<\/div>\n\t\t\t\t\t<\/div>\n\t\t\t\t<\/div>\n\t\t<div class=\"elementor-element elementor-element-12cdae4 e-flex e-con-boxed e-con e-parent\" data-id=\"12cdae4\" data-element_type=\"container\" data-e-type=\"container\">\n\t\t\t\t\t<div class=\"e-con-inner\">\n\t\t\t\t<div class=\"elementor-element elementor-element-d77b7a6 elementor-widget elementor-widget-text-editor\" data-id=\"d77b7a6\" data-element_type=\"widget\" data-e-type=\"widget\" data-widget_type=\"text-editor.default\">\n\t\t\t\t<div class=\"elementor-widget-container\">\n\t\t\t\t\t\t\t\t\t<div class=\"elementor-element elementor-element-d1fd385 e-con-full e-flex e-con e-child\" data-id=\"d1fd385\" data-element_type=\"container\" data-settings=\"{&quot;background_background&quot;:&quot;classic&quot;}\"><div class=\"elementor-element elementor-element-dcdf82c elementor-widget elementor-widget-text-editor\" style=\"text-align: center;\" data-id=\"dcdf82c\" data-element_type=\"widget\" data-widget_type=\"text-editor.default\"><div class=\"elementor-widget-container\"><p><del>&#8211; 23 de noveme : Pichon patrim\u00f2ni bastit<\/del><br \/><del>&#8211; 14 de deceme: Las tradicions de Nadal<\/del><br \/><del>&#8211; 18 de geni\u00e8r : Lo torisme catar en Lauragu\u00e9s<\/del><br \/><strong>&#8211; 1 de febri\u00e8r : Carnaval i\u00e8r e ara<\/strong><br \/>&#8211; 15 de mar\u00e7 : La cosina de n\u00f2stre ostal.<br \/>&#8211; 17 de mai : Lo past\u00e8l e la Renaissen\u00e7a a Tolosa<br \/>&#8211; 21 de junh : Las F\u00e8stas tradicionalas<\/p><\/div><\/div><\/div>\t\t\t\t\t\t\t\t<\/div>\n\t\t\t\t<\/div>\n\t\t\t\t\t<\/div>\n\t\t\t\t<\/div>\n\t\t\t\t<\/div>\n\t\t","protected":false},"excerpt":{"rendered":"<p>RDV Cultura Occitana lo dissabte 1\u00e8r de febri\u00e8r. Al programa, carnaval i\u00e8r e ara !<\/p>\n","protected":false},"author":2,"featured_media":2499,"comment_status":"open","ping_status":"open","sticky":false,"template":"","format":"standard","meta":{"site-sidebar-layout":"default","site-content-layout":"","ast-site-content-layout":"","site-content-style":"default","site-sidebar-style":"default","ast-global-header-display":"","ast-banner-title-visibility":"","ast-main-header-display":"","ast-hfb-above-header-display":"","ast-hfb-below-header-display":"","ast-hfb-mobile-header-display":"","site-post-title":"","ast-breadcrumbs-content":"","ast-featured-img":"disabled","footer-sml-layout":"","ast-disable-related-posts":"","theme-transparent-header-meta":"","adv-header-id-meta":"","stick-header-meta":"","header-above-stick-meta":"","header-main-stick-meta":"","header-below-stick-meta":"","astra-migrate-meta-layouts":"default","ast-page-background-enabled":"default","ast-page-background-meta":{"desktop":{"background-color":"var(--ast-global-color-4)","background-image":"","background-repeat":"repeat","background-position":"center center","background-size":"auto","background-attachment":"scroll","background-type":"","background-media":"","overlay-type":"","overlay-color":"","overlay-opacity":"","overlay-gradient":""},"tablet":{"background-color":"","background-image":"","background-repeat":"repeat","background-position":"center center","background-size":"auto","background-attachment":"scroll","background-type":"","background-media":"","overlay-type":"","overlay-color":"","overlay-opacity":"","overlay-gradient":""},"mobile":{"background-color":"","background-image":"","background-repeat":"repeat","background-position":"center center","background-size":"auto","background-attachment":"scroll","background-type":"","background-media":"","overlay-type":"","overlay-color":"","overlay-opacity":"","overlay-gradient":""}},"ast-content-background-meta":{"desktop":{"background-color":"var(--ast-global-color-5)","background-image":"","background-repeat":"repeat","background-position":"center center","background-size":"auto","background-attachment":"scroll","background-type":"","background-media":"","overlay-type":"","overlay-color":"","overlay-opacity":"","overlay-gradient":""},"tablet":{"background-color":"var(--ast-global-color-5)","background-image":"","background-repeat":"repeat","background-position":"center center","background-size":"auto","background-attachment":"scroll","background-type":"","background-media":"","overlay-type":"","overlay-color":"","overlay-opacity":"","overlay-gradient":""},"mobile":{"background-color":"var(--ast-global-color-5)","background-image":"","background-repeat":"repeat","background-position":"center center","background-size":"auto","background-attachment":"scroll","background-type":"","background-media":"","overlay-type":"","overlay-color":"","overlay-opacity":"","overlay-gradient":""}},"footnotes":""},"categories":[48,140],"tags":[136,54,128,138],"class_list":["post-2498","post","type-post","status-publish","format-standard","has-post-thumbnail","hentry","category-actualitats","category-ateliers-talhiers","tag-cultura","tag-occitan","tag-rdv","tag-talhier"],"_links":{"self":[{"href":"https:\/\/ieo31.com\/wordpress\/wp-json\/wp\/v2\/posts\/2498","targetHints":{"allow":["GET"]}}],"collection":[{"href":"https:\/\/ieo31.com\/wordpress\/wp-json\/wp\/v2\/posts"}],"about":[{"href":"https:\/\/ieo31.com\/wordpress\/wp-json\/wp\/v2\/types\/post"}],"author":[{"embeddable":true,"href":"https:\/\/ieo31.com\/wordpress\/wp-json\/wp\/v2\/users\/2"}],"replies":[{"embeddable":true,"href":"https:\/\/ieo31.com\/wordpress\/wp-json\/wp\/v2\/comments?post=2498"}],"version-history":[{"count":14,"href":"https:\/\/ieo31.com\/wordpress\/wp-json\/wp\/v2\/posts\/2498\/revisions"}],"predecessor-version":[{"id":2602,"href":"https:\/\/ieo31.com\/wordpress\/wp-json\/wp\/v2\/posts\/2498\/revisions\/2602"}],"wp:featuredmedia":[{"embeddable":true,"href":"https:\/\/ieo31.com\/wordpress\/wp-json\/wp\/v2\/media\/2499"}],"wp:attachment":[{"href":"https:\/\/ieo31.com\/wordpress\/wp-json\/wp\/v2\/media?parent=2498"}],"wp:term":[{"taxonomy":"category","embeddable":true,"href":"https:\/\/ieo31.com\/wordpress\/wp-json\/wp\/v2\/categories?post=2498"},{"taxonomy":"post_tag","embeddable":true,"href":"https:\/\/ieo31.com\/wordpress\/wp-json\/wp\/v2\/tags?post=2498"}],"curies":[{"name":"wp","href":"https:\/\/api.w.org\/{rel}","templated":true}]}}