{"id":2536,"date":"2025-02-01T14:00:00","date_gmt":"2025-02-01T13:00:00","guid":{"rendered":"https:\/\/ieo31.com\/wordpress\/?p=2536"},"modified":"2025-02-12T12:32:06","modified_gmt":"2025-02-12T11:32:06","slug":"talhiers-de-larbre","status":"publish","type":"post","link":"https:\/\/ieo31.com\/wordpress\/talhiers-de-larbre\/","title":{"rendered":"Talhi\u00e8rs de l&rsquo;Arbre &#8211; 15 &#038; 22 de febri\u00e8r"},"content":{"rendered":"\t\t<div data-elementor-type=\"wp-post\" data-elementor-id=\"2536\" class=\"elementor elementor-2536\">\n\t\t\t\t<div class=\"elementor-element elementor-element-12cdae4 e-flex e-con-boxed e-con e-parent\" data-id=\"12cdae4\" data-element_type=\"container\" data-e-type=\"container\">\n\t\t\t\t\t<div class=\"e-con-inner\">\n\t\t\t\t<div class=\"elementor-element elementor-element-f5476cb elementor-widget elementor-widget-text-editor\" data-id=\"f5476cb\" data-element_type=\"widget\" data-e-type=\"widget\" data-widget_type=\"text-editor.default\">\n\t\t\t\t<div class=\"elementor-widget-container\">\n\t\t\t\t\t\t\t\t\t<div class=\"elementor-element elementor-element-d1fd385 e-con-full e-flex e-con e-child\" data-id=\"d1fd385\" data-element_type=\"container\" data-settings=\"{&quot;background_background&quot;:&quot;classic&quot;}\"><div class=\"elementor-element elementor-element-dcdf82c elementor-widget elementor-widget-text-editor\" data-id=\"dcdf82c\" data-element_type=\"widget\" data-widget_type=\"text-editor.default\"><div class=\"elementor-widget-container\"><p>Arpoemes e l&rsquo;IEO 31 vos convidan per aqueles 2 talhi\u00e8rs a l&rsquo;entorn de l&rsquo;Arbre de las Lengas 2025, dins l&rsquo;encastre del dispositiu <em>PARLEM ! Catalan et Occitan.<\/em><\/p><p>Vos esperam doncas los <strong>dissabtes 15 &amp; 22 de febri\u00e8r a 11h dins la <\/strong><strong>sala Salvat de l&rsquo;Ostal d&rsquo;Occitania,<\/strong> 11 carri\u00e8ra Malcosinat a Tolosa (talhi\u00e8rs a gratis) .<\/p><ul><li><strong>dissabte 15 de febri\u00e8r &#8211; 11h : <a href=\"https:\/\/openagenda.com\/fr\/ieo31\/events\/talhier-de-larbre\" target=\"_blank\" rel=\"noopener noreferrer\">Presentacion de l&rsquo;Arbre<\/a><\/strong><\/li><\/ul><p>Rend\u00e8tz-vos amb Gis\u00e8la que vos presentar\u00e0 en detalhs l&rsquo;Arbre de las Lengas : qu&rsquo;es aqu\u00f2, coss\u00ed participar, que cal far, &#8230; L&rsquo;escasen\u00e7a de pausar totas las v\u00f2stras questions sus l&rsquo;Arbre de las Lengas<\/p><ul><li><strong>dissabte 22 de febri\u00e8r &#8211; 11h : <a href=\"https:\/\/openagenda.com\/fr\/ieo31\/events\/talhier-de-larbre-9027072\" target=\"_blank\" rel=\"noopener noreferrer\">Soscadissa e poemas<\/a><\/strong><\/li><\/ul><p>2nd rend\u00e8tz-vos per soscar amassada als poemas, a las cartas, amb de documents e de recu\u00e8lhs de poesias<\/p><\/div><\/div><\/div>\t\t\t\t\t\t\t\t<\/div>\n\t\t\t\t<\/div>\n\t\t\t\t<div class=\"elementor-element elementor-element-dd1a570 elementor-widget elementor-widget-image\" data-id=\"dd1a570\" data-element_type=\"widget\" data-e-type=\"widget\" data-widget_type=\"image.default\">\n\t\t\t\t<div class=\"elementor-widget-container\">\n\t\t\t\t\t\t\t\t\t\t\t\t\t\t\t\t<a href=\"https:\/\/ieo31.com\/wordpress\/wp-content\/uploads\/2025\/02\/2-Arbre-de-las-Lengas25.27.01-1.png\" data-elementor-open-lightbox=\"yes\" data-elementor-lightbox-title=\"2 Arbre de las Lengas25.27.01-1\" data-e-action-hash=\"#elementor-action%3Aaction%3Dlightbox%26settings%3DeyJpZCI6MjUyMiwidXJsIjoiaHR0cHM6XC9cL2llbzMxLmNvbVwvd29yZHByZXNzXC93cC1jb250ZW50XC91cGxvYWRzXC8yMDI1XC8wMlwvMi1BcmJyZS1kZS1sYXMtTGVuZ2FzMjUuMjcuMDEtMS5wbmcifQ%3D%3D\">\n\t\t\t\t\t\t\t<img fetchpriority=\"high\" decoding=\"async\" width=\"1024\" height=\"576\" src=\"https:\/\/ieo31.com\/wordpress\/wp-content\/uploads\/2025\/02\/2-Arbre-de-las-Lengas25.27.01-1-1024x576.png\" class=\"attachment-large size-large wp-image-2522\" alt=\"\" srcset=\"https:\/\/ieo31.com\/wordpress\/wp-content\/uploads\/2025\/02\/2-Arbre-de-las-Lengas25.27.01-1-1024x576.png 1024w, https:\/\/ieo31.com\/wordpress\/wp-content\/uploads\/2025\/02\/2-Arbre-de-las-Lengas25.27.01-1-300x169.png 300w, https:\/\/ieo31.com\/wordpress\/wp-content\/uploads\/2025\/02\/2-Arbre-de-las-Lengas25.27.01-1-768x432.png 768w, https:\/\/ieo31.com\/wordpress\/wp-content\/uploads\/2025\/02\/2-Arbre-de-las-Lengas25.27.01-1-1536x864.png 1536w, https:\/\/ieo31.com\/wordpress\/wp-content\/uploads\/2025\/02\/2-Arbre-de-las-Lengas25.27.01-1-2048x1152.png 2048w, https:\/\/ieo31.com\/wordpress\/wp-content\/uploads\/2025\/02\/2-Arbre-de-las-Lengas25.27.01-1-1320x743.png 1320w, https:\/\/ieo31.com\/wordpress\/wp-content\/uploads\/2025\/02\/2-Arbre-de-las-Lengas25.27.01-1-1200x675-cropped.png 1200w\" sizes=\"(max-width: 1024px) 100vw, 1024px\" data-wp-pid=\"2522\" \/>\t\t\t\t\t\t\t\t<\/a>\n\t\t\t\t\t\t\t\t\t\t\t\t\t\t\t<\/div>\n\t\t\t\t<\/div>\n\t\t\t\t<div class=\"elementor-element elementor-element-2038d24 elementor-widget elementor-widget-text-editor\" data-id=\"2038d24\" data-element_type=\"widget\" data-e-type=\"widget\" data-widget_type=\"text-editor.default\">\n\t\t\t\t<div class=\"elementor-widget-container\">\n\t\t\t\t\t\t\t\t\t<div class=\"elementor-element elementor-element-d1fd385 e-con-full e-flex e-con e-child\" data-id=\"d1fd385\" data-element_type=\"container\" data-settings=\"{&quot;background_background&quot;:&quot;classic&quot;}\"><div class=\"elementor-element elementor-element-dcdf82c elementor-widget elementor-widget-text-editor\" data-id=\"dcdf82c\" data-element_type=\"widget\" data-widget_type=\"text-editor.default\"><div class=\"elementor-widget-container\"><p>Mai d&rsquo;entresenhas : <a href=\"mailto:arpoemes@gmail.com\" rel=\"noreferrer\">arpoemes@gmail.com<\/a> \/ <a href=\"mailto:contacte@ieo31.com\" rel=\"noreferrer\">contacte@ieo31.com<\/a><\/p><\/div><\/div><\/div>\t\t\t\t\t\t\t\t<\/div>\n\t\t\t\t<\/div>\n\t\t\t\t\t<\/div>\n\t\t\t\t<\/div>\n\t\t\t\t<\/div>\n\t\t","protected":false},"excerpt":{"rendered":"<p>Arpoemes e l&rsquo;IEO 31 vos convidan per aqueles 2 talhi\u00e8rs a l&rsquo;entorn de l&rsquo;Arbre de las Lengas 2025, dins l&rsquo;encastre del dispositiu PARLEM ! Catalan et Occitan.<\/p>\n","protected":false},"author":2,"featured_media":2522,"comment_status":"open","ping_status":"open","sticky":false,"template":"","format":"standard","meta":{"site-sidebar-layout":"default","site-content-layout":"","ast-site-content-layout":"","site-content-style":"default","site-sidebar-style":"default","ast-global-header-display":"","ast-banner-title-visibility":"","ast-main-header-display":"","ast-hfb-above-header-display":"","ast-hfb-below-header-display":"","ast-hfb-mobile-header-display":"","site-post-title":"","ast-breadcrumbs-content":"","ast-featured-img":"disabled","footer-sml-layout":"","ast-disable-related-posts":"","theme-transparent-header-meta":"","adv-header-id-meta":"","stick-header-meta":"","header-above-stick-meta":"","header-main-stick-meta":"","header-below-stick-meta":"","astra-migrate-meta-layouts":"default","ast-page-background-enabled":"default","ast-page-background-meta":{"desktop":{"background-color":"var(--ast-global-color-4)","background-image":"","background-repeat":"repeat","background-position":"center center","background-size":"auto","background-attachment":"scroll","background-type":"","background-media":"","overlay-type":"","overlay-color":"","overlay-opacity":"","overlay-gradient":""},"tablet":{"background-color":"","background-image":"","background-repeat":"repeat","background-position":"center center","background-size":"auto","background-attachment":"scroll","background-type":"","background-media":"","overlay-type":"","overlay-color":"","overlay-opacity":"","overlay-gradient":""},"mobile":{"background-color":"","background-image":"","background-repeat":"repeat","background-position":"center center","background-size":"auto","background-attachment":"scroll","background-type":"","background-media":"","overlay-type":"","overlay-color":"","overlay-opacity":"","overlay-gradient":""}},"ast-content-background-meta":{"desktop":{"background-color":"var(--ast-global-color-5)","background-image":"","background-repeat":"repeat","background-position":"center center","background-size":"auto","background-attachment":"scroll","background-type":"","background-media":"","overlay-type":"","overlay-color":"","overlay-opacity":"","overlay-gradient":""},"tablet":{"background-color":"var(--ast-global-color-5)","background-image":"","background-repeat":"repeat","background-position":"center center","background-size":"auto","background-attachment":"scroll","background-type":"","background-media":"","overlay-type":"","overlay-color":"","overlay-opacity":"","overlay-gradient":""},"mobile":{"background-color":"var(--ast-global-color-5)","background-image":"","background-repeat":"repeat","background-position":"center center","background-size":"auto","background-attachment":"scroll","background-type":"","background-media":"","overlay-type":"","overlay-color":"","overlay-opacity":"","overlay-gradient":""}},"footnotes":""},"categories":[48,140],"tags":[144,136,54,138],"class_list":["post-2536","post","type-post","status-publish","format-standard","has-post-thumbnail","hentry","category-actualitats","category-ateliers-talhiers","tag-arbre-de-las-lengas","tag-cultura","tag-occitan","tag-talhier"],"_links":{"self":[{"href":"https:\/\/ieo31.com\/wordpress\/wp-json\/wp\/v2\/posts\/2536","targetHints":{"allow":["GET"]}}],"collection":[{"href":"https:\/\/ieo31.com\/wordpress\/wp-json\/wp\/v2\/posts"}],"about":[{"href":"https:\/\/ieo31.com\/wordpress\/wp-json\/wp\/v2\/types\/post"}],"author":[{"embeddable":true,"href":"https:\/\/ieo31.com\/wordpress\/wp-json\/wp\/v2\/users\/2"}],"replies":[{"embeddable":true,"href":"https:\/\/ieo31.com\/wordpress\/wp-json\/wp\/v2\/comments?post=2536"}],"version-history":[{"count":6,"href":"https:\/\/ieo31.com\/wordpress\/wp-json\/wp\/v2\/posts\/2536\/revisions"}],"predecessor-version":[{"id":2542,"href":"https:\/\/ieo31.com\/wordpress\/wp-json\/wp\/v2\/posts\/2536\/revisions\/2542"}],"wp:featuredmedia":[{"embeddable":true,"href":"https:\/\/ieo31.com\/wordpress\/wp-json\/wp\/v2\/media\/2522"}],"wp:attachment":[{"href":"https:\/\/ieo31.com\/wordpress\/wp-json\/wp\/v2\/media?parent=2536"}],"wp:term":[{"taxonomy":"category","embeddable":true,"href":"https:\/\/ieo31.com\/wordpress\/wp-json\/wp\/v2\/categories?post=2536"},{"taxonomy":"post_tag","embeddable":true,"href":"https:\/\/ieo31.com\/wordpress\/wp-json\/wp\/v2\/tags?post=2536"}],"curies":[{"name":"wp","href":"https:\/\/api.w.org\/{rel}","templated":true}]}}